{"id":718,"date":"2023-08-06T11:53:29","date_gmt":"2023-08-06T10:53:29","guid":{"rendered":"https:\/\/the-running-ginger.blog\/?p=718"},"modified":"2025-01-17T15:10:06","modified_gmt":"2025-01-17T14:10:06","slug":"belgrade","status":"publish","type":"post","link":"https:\/\/the-running-ginger.blog\/es\/belgrade\/","title":{"rendered":"Cruzando \u201cun puente sobre el r\u00edo Sava\u201d en Belgrado"},"content":{"rendered":"<p><strong>Belgrado, Serbia. Abril de 2023.<\/strong><\/p>\n\n\n\n<p>Una orquesta tocaba m\u00fasica cl\u00e1sica en el imponente <a href=\"https:\/\/en.wikipedia.org\/wiki\/Ada_Bridge\">Puente Ada<\/a> mientras ondeaban las banderas serbias. Corrimos por el centro hist\u00f3rico, a\u00fan con ruinas de los <a href=\"https:\/\/en.wikipedia.org\/wiki\/NATO_bombing_of_Yugoslavia\">Bombardeos de la OTAN<\/a>, y la ciudad nueva, con su arquitectura sovi\u00e9tica. Belgrado es una capital que se enorgullece de su pasado pero dise\u00f1a su modernidad, a su manera.<\/p>\n\n\n\n<blockquote class=\"wp-block-quote has-small-font-size is-layout-flow wp-block-quote-is-layout-flow\">\n<p>Lejla dijo:<br>\u2014Mi madre a\u00fan conserva el retrato de Tito. Lo tiene en la despensa, detr\u00e1s de los tarros de vinagreta. Si te fijas bien, puedes ver uno de sus ojos entre dos trozos de pepinillos.<\/p>\n<cite><em>Atrapa al conejo <em>Lana Basta\u0161i\u0107<\/em><\/em><\/cite><\/blockquote>\n\n\n\n<h2 class=\"wp-block-heading\">\ud83d\udcf7 El viaje: qu\u00e9 ver en Belgrado en un d\u00eda<\/h2>\n\n\n\n<p>Despu\u00e9s de un c\u00f3modo vuelo de menos de 3 horas llegamos el viernes por la noche a Belgrado, al aeropuerto que lleva el nombre <a href=\"https:\/\/en.wikipedia.org\/wiki\/Nikola_Tesla\">Nikola Tesla<\/a>, un nombre que est\u00e1 en todas partes en Belgrado. <\/p>\n\n\n\n<p>Su <strong><a href=\"https:\/\/tesla-museum.org\/en\/home\/\">museo<\/a><\/strong> se ha convertido en uno de los principales atractivos de Belgrado.<\/p>\n\n\n\n<p>El <strong>feria del corredor<\/strong> estuvo abierta los 3 d\u00edas previos a la carrera, y estaba ubicada en el recinto ferial de Belgrado, al lado del <strong>orilla del r\u00edo sava<\/strong>. <\/p>\n\n\n\n<h4 class=\"wp-block-heading\">Un poquito de historia\u2026<\/h4>\n\n\n\n<p>El s\u00e1bado fuimos a pie hasta all\u00ed. El paseo nos permiti\u00f3 ver algunos edificios a\u00fan en ruinas, como el antiguo <a href=\"https:\/\/en.wikipedia.org\/wiki\/Yugoslav_Ministry_of_Defence_building\">Ministerio de Defensa<\/a>, consecuencia del bombardeo de la ciudad por parte de las fuerzas de la OTAN en 1999. <\/p>\n\n\n<div class=\"wp-block-image\">\n<figure class=\"aligncenter size-large\"><img loading=\"lazy\" decoding=\"async\" width=\"768\" height=\"1024\" src=\"https:\/\/the-running-ginger.blog\/wp-content\/uploads\/2024\/08\/2023_04-Belgrad-Half-3-768x1024.jpeg\" alt=\"Bombed buildings in Belgrad\" class=\"wp-image-5842\" srcset=\"https:\/\/the-running-ginger.blog\/wp-content\/uploads\/2024\/08\/2023_04-Belgrad-Half-3-768x1024.jpeg 768w, https:\/\/the-running-ginger.blog\/wp-content\/uploads\/2024\/08\/2023_04-Belgrad-Half-3-225x300.jpeg 225w, https:\/\/the-running-ginger.blog\/wp-content\/uploads\/2024\/08\/2023_04-Belgrad-Half-3-1152x1536.jpeg 1152w, https:\/\/the-running-ginger.blog\/wp-content\/uploads\/2024\/08\/2023_04-Belgrad-Half-3-9x12.jpeg 9w, https:\/\/the-running-ginger.blog\/wp-content\/uploads\/2024\/08\/2023_04-Belgrad-Half-3.jpeg 1200w\" sizes=\"auto, (max-width: 768px) 100vw, 768px\" \/><figcaption class=\"wp-element-caption\">Edificios bombardeados en Belgrado<\/figcaption><\/figure><\/div>\n\n\n<p>Curiosamente, ese a\u00f1o el marat\u00f3n de Belgrado se corri\u00f3 y, mientras investigaba para el viaje, me top\u00e9 con una fotograf\u00eda con un \u201c<em>Corre por diversi\u00f3n, no por bombas<\/em>\u201d cartel en la l\u00ednea de salida:<\/p>\n\n\n<div class=\"wp-block-image\">\n<figure class=\"aligncenter size-full\"><img loading=\"lazy\" decoding=\"async\" width=\"830\" height=\"514\" src=\"https:\/\/the-running-ginger.blog\/wp-content\/uploads\/2023\/07\/BelgradeMarathon99.jpg\" alt=\"Belgrade Marathon 1999\" class=\"wp-image-729\" srcset=\"https:\/\/the-running-ginger.blog\/wp-content\/uploads\/2023\/07\/BelgradeMarathon99.jpg 830w, https:\/\/the-running-ginger.blog\/wp-content\/uploads\/2023\/07\/BelgradeMarathon99-300x186.jpg 300w, https:\/\/the-running-ginger.blog\/wp-content\/uploads\/2023\/07\/BelgradeMarathon99-768x476.jpg 768w\" sizes=\"auto, (max-width: 830px) 100vw, 830px\" \/><figcaption class=\"wp-element-caption\">Marat\u00f3n de Belgrado en 1999<\/figcaption><\/figure><\/div>\n\n\n<h3 class=\"wp-block-heading\">La Expo del Running \ud83c\udfbd<\/h3>\n\n\n\n<p>Ese s\u00e1bado por la ma\u00f1ana no hab\u00eda demasiada gente en la \"<strong>Expo del corredor<\/strong>\u201c, con lo que pudimos pasear tranquilamente, pudimos revisar nuestro chip y ver c\u00f3mo algunos deportistas sub\u00edan al escenario para dar una charla; pero hablaban en serbio, as\u00ed que no entend\u00edamos lo que dec\u00edan \ud83d\ude05. <\/p>\n\n\n<div class=\"wp-block-image\">\n<figure class=\"aligncenter size-large\"><img loading=\"lazy\" decoding=\"async\" width=\"1024\" height=\"768\" src=\"http:\/\/the-running-ginger.blog\/wp-content\/uploads\/2023\/07\/2023_04_22-Belgrad-8-1024x768.jpg\" alt=\"Belgrade-marathon-expo\" class=\"wp-image-734\" srcset=\"https:\/\/the-running-ginger.blog\/wp-content\/uploads\/2023\/07\/2023_04_22-Belgrad-8-1024x768.jpg 1024w, https:\/\/the-running-ginger.blog\/wp-content\/uploads\/2023\/07\/2023_04_22-Belgrad-8-300x225.jpg 300w, https:\/\/the-running-ginger.blog\/wp-content\/uploads\/2023\/07\/2023_04_22-Belgrad-8-768x576.jpg 768w, https:\/\/the-running-ginger.blog\/wp-content\/uploads\/2023\/07\/2023_04_22-Belgrad-8-1536x1152.jpg 1536w, https:\/\/the-running-ginger.blog\/wp-content\/uploads\/2023\/07\/2023_04_22-Belgrad-8-2048x1536.jpg 2048w\" sizes=\"auto, (max-width: 1024px) 100vw, 1024px\" \/><figcaption class=\"wp-element-caption\">Entrada a la exposici\u00f3n<\/figcaption><\/figure><\/div>\n\n\n<p>Curiosamente, se inscribieron 4 veces m\u00e1s corredores para la media marat\u00f3n que para la completa, y despu\u00e9s de encontrar nuestros nombres en un panel de todos los corredores, cogimos nuestra bolsa de corredor (con camisetas Nike muy chulas) y nos pusimos en camino para visitarla. la ciudad.<\/p>\n\n\n<div class=\"wp-block-image\">\n<figure class=\"aligncenter size-large\"><img loading=\"lazy\" decoding=\"async\" width=\"768\" height=\"1024\" src=\"https:\/\/the-running-ginger.blog\/wp-content\/uploads\/2024\/08\/2023_04-Belgrad-Half-4-768x1024.jpeg\" alt=\"The running ginger in the Belgrad Half Marathon Expo\" class=\"wp-image-5839\" srcset=\"https:\/\/the-running-ginger.blog\/wp-content\/uploads\/2024\/08\/2023_04-Belgrad-Half-4-768x1024.jpeg 768w, https:\/\/the-running-ginger.blog\/wp-content\/uploads\/2024\/08\/2023_04-Belgrad-Half-4-225x300.jpeg 225w, https:\/\/the-running-ginger.blog\/wp-content\/uploads\/2024\/08\/2023_04-Belgrad-Half-4-1152x1536.jpeg 1152w, https:\/\/the-running-ginger.blog\/wp-content\/uploads\/2024\/08\/2023_04-Belgrad-Half-4-9x12.jpeg 9w, https:\/\/the-running-ginger.blog\/wp-content\/uploads\/2024\/08\/2023_04-Belgrad-Half-4.jpeg 1200w\" sizes=\"auto, (max-width: 768px) 100vw, 768px\" \/><figcaption class=\"wp-element-caption\">Buscando nuestros nombres<\/figcaption><\/figure><\/div>\n\n\n<h4 class=\"wp-block-heading\">El frente mar\u00edtimo<\/h4>\n\n\n\n<p>Caminamos por una zona radicalmente distinta, el <strong>frente mar\u00edtimo<\/strong>, lleno de nuevos rascacielos residenciales anunciados con fotograf\u00edas de mujeres que parec\u00edan estar en \u201cDesayuno con diamantes\u201d, y restaurantes en almacenes reconvertidos, con mesas de roble y sof\u00e1s con cojines blancos en sus terrazas. Un barco dragador surcaba el Sava y en la orilla nos mezclamos con los cientos de serbios que disfrutaban de su s\u00e1bado soleado con un helado.<\/p>\n\n\n\n<figure class=\"wp-block-image size-large\"><img loading=\"lazy\" decoding=\"async\" width=\"1024\" height=\"768\" src=\"https:\/\/the-running-ginger.blog\/wp-content\/uploads\/2024\/08\/2023_04-Belgrad-Half-1-1024x768.jpeg\" alt=\"\" class=\"wp-image-5841\" srcset=\"https:\/\/the-running-ginger.blog\/wp-content\/uploads\/2024\/08\/2023_04-Belgrad-Half-1-1024x768.jpeg 1024w, https:\/\/the-running-ginger.blog\/wp-content\/uploads\/2024\/08\/2023_04-Belgrad-Half-1-300x225.jpeg 300w, https:\/\/the-running-ginger.blog\/wp-content\/uploads\/2024\/08\/2023_04-Belgrad-Half-1-768x576.jpeg 768w, https:\/\/the-running-ginger.blog\/wp-content\/uploads\/2024\/08\/2023_04-Belgrad-Half-1-1536x1152.jpeg 1536w, https:\/\/the-running-ginger.blog\/wp-content\/uploads\/2024\/08\/2023_04-Belgrad-Half-1-16x12.jpeg 16w, https:\/\/the-running-ginger.blog\/wp-content\/uploads\/2024\/08\/2023_04-Belgrad-Half-1.jpeg 1600w\" sizes=\"auto, (max-width: 1024px) 100vw, 1024px\" \/><\/figure>\n\n\n\n<h4 class=\"wp-block-heading\">Lo m\u00e1s destacado de una hermosa ciudad.<\/h4>\n\n\n\n<p>Posteriormente visitamos el centro hist\u00f3rico: primero el <strong><a href=\"https:\/\/en.wikipedia.org\/wiki\/Kalemegdan_Park\">Parque Kalemegdan<\/a> <\/strong>y el<strong> <a href=\"https:\/\/en.wikipedia.org\/wiki\/Belgrade_Fortress\">Fortaleza de Belgrado<\/a><\/strong>, desde donde se puede observar la confluencia de los rios <strong>Sava <\/strong>y <strong>Danubio <\/strong>y donde el ej\u00e9rcito serbio ha colocado todo un arsenal de armas militares. <\/p>\n\n\n\n<p>Continuamos con la obligatoria <strong>carga de carbohidratos <\/strong>en uno de los restaurantes de la <strong>Knez Mihailova<\/strong> , una famosa calle.<\/p>\n\n\n\n<p>Finalmente vimos el monumento a los ni\u00f1os muertos en los bombardeos en el <strong>Parque Ta\u0161majdan<\/strong>, <\/p>\n\n\n<div class=\"wp-block-image\">\n<figure class=\"aligncenter size-large\"><img loading=\"lazy\" decoding=\"async\" width=\"768\" height=\"1024\" src=\"https:\/\/the-running-ginger.blog\/wp-content\/uploads\/2023\/07\/2023_04_22-Belgrad-18-768x1024.jpg\" alt=\"\" class=\"wp-image-738\" srcset=\"https:\/\/the-running-ginger.blog\/wp-content\/uploads\/2023\/07\/2023_04_22-Belgrad-18-768x1024.jpg 768w, https:\/\/the-running-ginger.blog\/wp-content\/uploads\/2023\/07\/2023_04_22-Belgrad-18-225x300.jpg 225w, https:\/\/the-running-ginger.blog\/wp-content\/uploads\/2023\/07\/2023_04_22-Belgrad-18-1152x1536.jpg 1152w, https:\/\/the-running-ginger.blog\/wp-content\/uploads\/2023\/07\/2023_04_22-Belgrad-18-1536x2048.jpg 1536w, https:\/\/the-running-ginger.blog\/wp-content\/uploads\/2023\/07\/2023_04_22-Belgrad-18-scaled.jpg 1920w\" sizes=\"auto, (max-width: 768px) 100vw, 768px\" \/><\/figure><\/div>\n\n\n<p>Tambi\u00e9n visitamos el magn\u00edfico <strong><a href=\"https:\/\/en.wikipedia.org\/wiki\/Church_of_Saint_Sava\">templo de San Sava<\/a><\/strong> y sus mosaicos interiores dorados.<\/p>\n\n\n<div class=\"wp-block-image\">\n<figure class=\"aligncenter size-large\"><img loading=\"lazy\" decoding=\"async\" width=\"768\" height=\"1024\" src=\"https:\/\/the-running-ginger.blog\/wp-content\/uploads\/2024\/08\/2023_04-Belgrad-Half-2-768x1024.jpeg\" alt=\"Interior of Saint Sava in Belgrad\" class=\"wp-image-5843\" srcset=\"https:\/\/the-running-ginger.blog\/wp-content\/uploads\/2024\/08\/2023_04-Belgrad-Half-2-768x1024.jpeg 768w, https:\/\/the-running-ginger.blog\/wp-content\/uploads\/2024\/08\/2023_04-Belgrad-Half-2-225x300.jpeg 225w, https:\/\/the-running-ginger.blog\/wp-content\/uploads\/2024\/08\/2023_04-Belgrad-Half-2-1152x1536.jpeg 1152w, https:\/\/the-running-ginger.blog\/wp-content\/uploads\/2024\/08\/2023_04-Belgrad-Half-2-9x12.jpeg 9w, https:\/\/the-running-ginger.blog\/wp-content\/uploads\/2024\/08\/2023_04-Belgrad-Half-2.jpeg 1200w\" sizes=\"auto, (max-width: 768px) 100vw, 768px\" \/><figcaption class=\"wp-element-caption\">Interior de San Sava en Belgrado<\/figcaption><\/figure><\/div>\n\n\n<h3 class=\"wp-block-heading\">\ud83c\udf5c Carboloading: que comer en Belgrado si eres corredor<\/h3>\n\n\n\n<p>Para <strong>carga de carbohidratos<\/strong>, puedes optar por rebanadas de pan con <strong><em>kajmaj<\/em><\/strong>, un plato serbio con <a href=\"https:\/\/www.itinari.com\/a-unique-serbian-cheese-like-cream-kajmak-kg24\">crema<\/a>: \u00a1un desayuno ideal un par de horas antes de la carrera! <\/p>\n\n\n\n<p>Dado que la cocina serbia hace un uso extensivo de la carne y las patatas, a menudo en guisos, tendr\u00e1 muchas opciones tanto para la carga de carbohidratos como para la recuperaci\u00f3n. <\/p>\n\n\n\n<p>El muy serbio <strong><em><a href=\"https:\/\/en.wikipedia.org\/wiki\/Kara%C4%91or%C4%91eva_%C5%A1nicla\">Kara\u0111or\u0111eva \u0161nicla<\/a><\/em><\/strong> \ud83c\udf56, llamado as\u00ed por un <a href=\"https:\/\/en.wikipedia.org\/wiki\/Kara%C4%91or%C4%91e\">Revolucionario<\/a>, es una bomba cal\u00f3rica (alrededor de 600 calor\u00edas por porci\u00f3n) de ternera o cerdo enrollado, relleno con el antiguo kajmaj, y luego empanado y frito. Puede alimentar tu carrera hasta l\u00edmites desconocidos \ud83d\ude05<\/p>\n\n\n\n<h2 class=\"wp-block-heading\">\ud83c\udfc3\u200d\u2640\ufe0f La carrera<\/h2>\n\n\n\n<h4 class=\"wp-block-heading\">la linea de salida<\/h4>\n\n\n\n<p>El d\u00eda de la carrera el tiempo era excelente. Hac\u00eda sol y la temperatura era de poco m\u00e1s de 20 grados cent\u00edgrados, algo que nos conven\u00eda a nosotros, los europeos del sur \ud83d\ude07. Tuvimos suerte, seg\u00fan nos dijo la chica que nos hab\u00eda entregado los BIB: \u201c<em>Hace s\u00f3lo dos semanas nevaba intensamente<\/em>\u201c. Ella termin\u00f3 su explicaci\u00f3n agitando la mano y agregando: \u201c<em>As\u00ed de cambiante es el clima aqu\u00ed.<\/em>\u201d \ud83d\ude32\u2026<\/p>\n\n\n\n<p>En la l\u00ednea de salida cayeron papelitos con los colores oficiales del marat\u00f3n y por los altavoces se escucharon canciones patri\u00f3ticas mientras el locutor dec\u00eda que hab\u00eda corredores de 64 nacionalidades diferentes. A nuestro alrededor vi algunos suizos, rusos e israel\u00edes, pero las banderitas serbias en los BIB eran una abrumadora mayor\u00eda.<\/p>\n\n\n<div class=\"wp-block-image\">\n<figure class=\"aligncenter size-large\"><img loading=\"lazy\" decoding=\"async\" width=\"784\" height=\"1024\" src=\"https:\/\/the-running-ginger.blog\/wp-content\/uploads\/2024\/08\/2023_04-Belgrad-Half-5-784x1024.jpeg\" alt=\"Running the Belgrad Half Marathon\" class=\"wp-image-5844\" srcset=\"https:\/\/the-running-ginger.blog\/wp-content\/uploads\/2024\/08\/2023_04-Belgrad-Half-5-784x1024.jpeg 784w, https:\/\/the-running-ginger.blog\/wp-content\/uploads\/2024\/08\/2023_04-Belgrad-Half-5-230x300.jpeg 230w, https:\/\/the-running-ginger.blog\/wp-content\/uploads\/2024\/08\/2023_04-Belgrad-Half-5-768x1003.jpeg 768w, https:\/\/the-running-ginger.blog\/wp-content\/uploads\/2024\/08\/2023_04-Belgrad-Half-5-1176x1536.jpeg 1176w, https:\/\/the-running-ginger.blog\/wp-content\/uploads\/2024\/08\/2023_04-Belgrad-Half-5-9x12.jpeg 9w, https:\/\/the-running-ginger.blog\/wp-content\/uploads\/2024\/08\/2023_04-Belgrad-Half-5.jpeg 1225w\" sizes=\"auto, (max-width: 784px) 100vw, 784px\" \/><figcaption class=\"wp-element-caption\">Un puente sobre el r\u00edo Sava<\/figcaption><\/figure><\/div>\n\n\n<h4 class=\"wp-block-heading\">Primera mitad<\/h4>\n\n\n\n<p>Salimos ordenadamente. <\/p>\n\n\n\n<p>Luego recorrimos los primeros 2 kil\u00f3metros por avenidas muy anchas. Avenidas con edificios monumentales adornados con banderas tricolores y v\u00edas de tranv\u00eda en la v\u00eda. <\/p>\n\n\n\n<p>Hab\u00eda que tener cuidado de no meter el pie en un agujero al lado de las gu\u00edas. Nos hab\u00edamos colocado en una casilla de salida m\u00e1s lenta que nuestro ritmo habitual. Despu\u00e9s tuvimos dificultades para adelantar; los serbios parec\u00edan m\u00e1s disciplinados. Corrieron como si fueran una tropa.<\/p>\n\n\n\n<p>Estaba mirando al resto de los corredores. Esto es algo que siempre hago. Como si pudiera destilar la esencia de la carrera mirando a las personas que la corren. <\/p>\n\n\n\n<p>En este vi grupos de corredores con combinaciones estridentes de leggings, camisetas fluorescentes y pantalones cortos con estampado militar.<\/p>\n\n\n\n<p>Tambi\u00e9n un tipo corriendo con el torso desnudo con una enorme bandera rusa. O un tipo encorvado con la t\u00edpica pisada de quien tiene miles y miles de kil\u00f3metros en sus piernas. Una escritura en su camiseta confirm\u00f3 mis sospechas, afirmando que hab\u00eda corrido m\u00e1s de 100 maratones. \u201cM\u00e1s de 100 maratones\u201d era bastante comprensible, incluso en cir\u00edlico.<\/p>\n\n\n\n<h4 class=\"wp-block-heading\">La segunda mitad<\/h4>\n\n\n\n<p>La carrera sale del centro hist\u00f3rico y cruza el puente para llegar <strong>Novi Graduado<\/strong>.<\/p>\n\n\n\n<p>Esta es una parte de la ciudad que te transporta a la antigua Yugoslavia. En el puente sonaba m\u00fasica hip-hop a todo volumen. A lo lejos ya se ve\u00edan las masas de edificios de apartamentos exsovi\u00e9ticos. Fue una combinaci\u00f3n impactante. Poco despu\u00e9s, nada m\u00e1s pasar el kil\u00f3metro 5, nos encontramos con las caras expectantes de quienes esperaban para correr el segundo relevo de la <strong>\u201cMedia marat\u00f3n por equipos<\/strong>\u201c. Aparentemente una opci\u00f3n bastante popular.<\/p>\n\n\n<div class=\"wp-block-image\">\n<figure class=\"aligncenter size-large\"><img loading=\"lazy\" decoding=\"async\" width=\"1024\" height=\"682\" src=\"https:\/\/the-running-ginger.blog\/wp-content\/uploads\/2024\/08\/2023_04-Belgrad-Half-6-1024x682.jpeg\" alt=\"Roger in the Belgrad Half Marathon\" class=\"wp-image-5845\" srcset=\"https:\/\/the-running-ginger.blog\/wp-content\/uploads\/2024\/08\/2023_04-Belgrad-Half-6-1024x682.jpeg 1024w, https:\/\/the-running-ginger.blog\/wp-content\/uploads\/2024\/08\/2023_04-Belgrad-Half-6-300x200.jpeg 300w, https:\/\/the-running-ginger.blog\/wp-content\/uploads\/2024\/08\/2023_04-Belgrad-Half-6-768x512.jpeg 768w, https:\/\/the-running-ginger.blog\/wp-content\/uploads\/2024\/08\/2023_04-Belgrad-Half-6-1536x1023.jpeg 1536w, https:\/\/the-running-ginger.blog\/wp-content\/uploads\/2024\/08\/2023_04-Belgrad-Half-6-18x12.jpeg 18w, https:\/\/the-running-ginger.blog\/wp-content\/uploads\/2024\/08\/2023_04-Belgrad-Half-6.jpeg 1600w\" sizes=\"auto, (max-width: 1024px) 100vw, 1024px\" \/><figcaption class=\"wp-element-caption\">Roger divirti\u00e9ndose<\/figcaption><\/figure><\/div>\n\n\n<p>En Novi Grad se sigue la t\u00f3nica de toda la carrera. Calles amplias y sin elevaci\u00f3n, y abastecimiento con botellas llenas de agua y bebidas isot\u00f3nicas cada 6 kil\u00f3metros. <\/p>\n\n\n\n<p>Parterres llenos de flores, s\u00f3lidos edificios de hormig\u00f3n, en las aceras grupos de zumba bailando al ritmo de \u201cSamba de Janeiro\u201d, saxofonistas (parece haber una gran tradici\u00f3n de instrumentos de viento en la ciudad), parlantes tocando \u201cEye of the Tiger\u201d \u201d, y empleados municipales que rociaron con mangueras a los corredores. <\/p>\n\n\n\n<p>Supuse que, si hubiera nevado, la organizaci\u00f3n se habr\u00eda ahorrado el gasto.<\/p>\n\n\n\n<p>El atractivo del marat\u00f3n es cruzar el <strong>puente ava<\/strong>, que se hace dos veces. Sus rampas de entrada y salida, en los kil\u00f3metros 12 y 14 aproximadamente, son las \u00fanicas elevaciones del recorrido. <\/p>\n\n\n\n<p>En medio del puente hab\u00eda un escenario con una orquesta tocando m\u00fasica cl\u00e1sica. \u00a1Un toque elegante con el Danubio (azul) a lo lejos! <\/p>\n\n\n\n<p>Yo mismo he bautizado este post con el cruce del puente, y como homenaje al premio Nobel Ivo Andric, que escribi\u00f3, precisamente en Belgrado, \u201cUn puente sobre el r\u00edo Drina\u201d.<\/p>\n\n\n\n<h4 class=\"wp-block-heading\">El fin<\/h4>\n\n\n\n<p>La parte final es la m\u00e1s complicada ya que en el kil\u00f3metro 19 hay una ligera subida, que se prolonga hasta el kil\u00f3metro 20, pero merece la pena superarla para entrar. <strong>Avenida Terazija<\/strong>, ya plano, al son de \u201cBella Ciao\u201d. <\/p>\n\n\n\n<p>Algunos corredores incluso cantaron el coro en italiano mientras muchos espectadores gritaban \u201cvamos corredores, vamos\u201d; La porter\u00eda era visible a s\u00f3lo 400 metros de distancia.<\/p>\n\n\n\n<p>La carrera termina en <strong>Plaza Nikola Pa\u0161i\u0107<\/strong>, en medio de fuentes de agua y un maravilloso ambiente muy festivo.<\/p>\n\n\n<div class=\"wp-block-image\">\n<figure class=\"aligncenter size-large\"><img loading=\"lazy\" decoding=\"async\" width=\"1024\" height=\"768\" src=\"https:\/\/the-running-ginger.blog\/wp-content\/uploads\/2023\/07\/2023_04_23-Half-highlights-15-1024x768.jpg\" alt=\"With our Belgrad Half Marathon medals\" class=\"wp-image-823\" srcset=\"https:\/\/the-running-ginger.blog\/wp-content\/uploads\/2023\/07\/2023_04_23-Half-highlights-15-1024x768.jpg 1024w, https:\/\/the-running-ginger.blog\/wp-content\/uploads\/2023\/07\/2023_04_23-Half-highlights-15-300x225.jpg 300w, https:\/\/the-running-ginger.blog\/wp-content\/uploads\/2023\/07\/2023_04_23-Half-highlights-15-768x576.jpg 768w, https:\/\/the-running-ginger.blog\/wp-content\/uploads\/2023\/07\/2023_04_23-Half-highlights-15-1536x1152.jpg 1536w, https:\/\/the-running-ginger.blog\/wp-content\/uploads\/2023\/07\/2023_04_23-Half-highlights-15-2048x1536.jpg 2048w\" sizes=\"auto, (max-width: 1024px) 100vw, 1024px\" \/><figcaption class=\"wp-element-caption\">Mostrando con orgullo nuestras medallas<\/figcaption><\/figure><\/div>\n\n\n<p>Era dif\u00edcil creer que hace s\u00f3lo 20 a\u00f1os unos pocos lo hubieran corrido, desafiantes, bajo una lluvia gris y con amenazas de bombardeo.<\/p>\n\n\n\n<div class=\"wp-block-cover is-light\" style=\"min-height:77px;aspect-ratio:unset;\"><span aria-hidden=\"true\" class=\"wp-block-cover__background has-background-dim\"><\/span><img loading=\"lazy\" decoding=\"async\" width=\"3409\" height=\"1411\" class=\"wp-block-cover__image-background wp-image-635\" alt=\"\" src=\"http:\/\/the-running-ginger.blog\/wp-content\/uploads\/2023\/07\/MapBackground.png\" data-object-fit=\"cover\" srcset=\"https:\/\/the-running-ginger.blog\/wp-content\/uploads\/2023\/07\/MapBackground.png 3409w, https:\/\/the-running-ginger.blog\/wp-content\/uploads\/2023\/07\/MapBackground-300x124.png 300w, https:\/\/the-running-ginger.blog\/wp-content\/uploads\/2023\/07\/MapBackground-1024x424.png 1024w, https:\/\/the-running-ginger.blog\/wp-content\/uploads\/2023\/07\/MapBackground-768x318.png 768w, https:\/\/the-running-ginger.blog\/wp-content\/uploads\/2023\/07\/MapBackground-1536x636.png 1536w, https:\/\/the-running-ginger.blog\/wp-content\/uploads\/2023\/07\/MapBackground-2048x848.png 2048w\" sizes=\"auto, (max-width: 3409px) 100vw, 3409px\" \/><div class=\"wp-block-cover__inner-container is-layout-flow wp-block-cover-is-layout-flow\">\n<p class=\"has-text-align-center has-x-large-font-size\"><strong><mark style=\"background-color:rgba(0, 0, 0, 0)\" class=\"has-inline-color has-white-color\">Mapa<\/mark><\/strong><\/p>\n<\/div><\/div>\n\n\n\n<figure class=\"wp-block-image size-large\"><img loading=\"lazy\" decoding=\"async\" width=\"1024\" height=\"705\" src=\"https:\/\/the-running-ginger.blog\/wp-content\/uploads\/2023\/07\/belgrade-city-marathon_1190-1024x705.jpg\" alt=\"\" class=\"wp-image-856\" srcset=\"https:\/\/the-running-ginger.blog\/wp-content\/uploads\/2023\/07\/belgrade-city-marathon_1190-1024x705.jpg 1024w, https:\/\/the-running-ginger.blog\/wp-content\/uploads\/2023\/07\/belgrade-city-marathon_1190-300x206.jpg 300w, https:\/\/the-running-ginger.blog\/wp-content\/uploads\/2023\/07\/belgrade-city-marathon_1190-768x529.jpg 768w, https:\/\/the-running-ginger.blog\/wp-content\/uploads\/2023\/07\/belgrade-city-marathon_1190.jpg 1190w\" sizes=\"auto, (max-width: 1024px) 100vw, 1024px\" \/><\/figure>\n\n\n\n<div class=\"wp-block-cover\" style=\"min-height:142px;aspect-ratio:unset;\"><span aria-hidden=\"true\" class=\"wp-block-cover__background has-background-dim\"><\/span><img loading=\"lazy\" decoding=\"async\" width=\"2560\" height=\"1920\" class=\"wp-block-cover__image-background wp-image-121\" alt=\"Useful information\" src=\"http:\/\/the-running-ginger.blog\/wp-content\/uploads\/2023\/06\/Medalles1-1-scaled.jpg\" data-object-fit=\"cover\" srcset=\"https:\/\/the-running-ginger.blog\/wp-content\/uploads\/2023\/06\/Medalles1-1-scaled.jpg 2560w, https:\/\/the-running-ginger.blog\/wp-content\/uploads\/2023\/06\/Medalles1-1-300x225.jpg 300w, https:\/\/the-running-ginger.blog\/wp-content\/uploads\/2023\/06\/Medalles1-1-1024x768.jpg 1024w, https:\/\/the-running-ginger.blog\/wp-content\/uploads\/2023\/06\/Medalles1-1-768x576.jpg 768w, https:\/\/the-running-ginger.blog\/wp-content\/uploads\/2023\/06\/Medalles1-1-1536x1152.jpg 1536w, https:\/\/the-running-ginger.blog\/wp-content\/uploads\/2023\/06\/Medalles1-1-2048x1536.jpg 2048w\" sizes=\"auto, (max-width: 2560px) 100vw, 2560px\" \/><div class=\"wp-block-cover__inner-container is-layout-flow wp-block-cover-is-layout-flow\">\n<p class=\"has-text-align-center has-x-large-font-size\" id=\"MadaInfo\"><strong><mark style=\"background-color:rgba(0, 0, 0, 0)\" class=\"has-inline-color has-white-color\">Informaci\u00f3n \u00fatil<\/mark><\/strong><\/p>\n<\/div><\/div>\n\n\n\n<h4 class=\"wp-block-heading\">\ud83c\udfc6 &nbsp;<strong>Marat\u00f3n Beogradski (42K) \/ Polumaraton (21K) \/ Relevos Polumaraton \/ 10K<\/strong>. Primera edici\u00f3n: 1989. N\u00famero de corredores: 10.500 en 2023. Tiempo l\u00edmite: 6h para el marat\u00f3n.<\/h4>\n\n\n\n<p><strong>\u26f0\ufe0f<\/strong> Dificultad: <strong>F\u00e1cil.<\/strong> Una rampa, en los \u00faltimos 2 kms, pero de s\u00f3lo 100m.<\/p>\n\n\n\n<p><strong>\ud83c\udf10<\/strong> <strong>Sitio web<\/strong>: <a href=\"https:\/\/bgdmarathon.org\/?lang=en\">https:\/\/bgdmarathon.org\/?lang=en<\/a><\/p>\n\n\n\n<p><strong>\ud83d\uddd3\ufe0f<\/strong> Finales de abril en Belgrado, <a href=\"https:\/\/the-running-ginger.blog\/es\/destinations\/\">Serbia<\/a> \u2013 <a href=\"https:\/\/the-running-ginger.blog\/es\/blog\/\">Europa<\/a>.<\/p>\n\n\n\n<p>\ud83d\udc5f Calzado urbano, no es necesario protector solar. Para aquellos europeos, recuerden llevar consigo su pasaporte, ya que Serbia no forma parte de la <a href=\"https:\/\/www.schengenvisainfo.com\/schengen-visa-countries-list\/\">\u00e1rea de Schengen<\/a>.<\/p>\n\n\n\n<p>\ud83c\udfc5 En la bolsa del corredor hay buenas camisetas t\u00e9cnicas de Nike. A su llegada, se entregan grandes medallas (la media parec\u00eda una completa). Adem\u00e1s de los t\u00edpicos puestos de masajes, \u00a1incluso hab\u00eda un podio preparado para tomar fotograf\u00edas de perros!<\/p>\n\n\n\n<p><strong>\u2705<\/strong> Buen ambiente, no masificado y bien organizado.<\/p>\n\n\n\n<p><strong>\u2705<\/strong> Pista de carreras relativamente plana y con buenos paisajes.<\/p>\n\n\n\n<p><strong>\u274c<\/strong> Desnivel positivo en los dos \u00faltimos kil\u00f3metros.<\/p>\n\n\n\n<p><strong>\u274c<\/strong> Ev\u00edtelo si es al\u00e9rgico a las banderas y s\u00edmbolos nacionales.<\/p>\n\n\n\n<div class=\"wp-block-cover is-light\" style=\"min-height:127px;aspect-ratio:unset;\"><span aria-hidden=\"true\" class=\"wp-block-cover__background has-background-dim\"><\/span><img loading=\"lazy\" decoding=\"async\" width=\"2560\" height=\"1920\" class=\"wp-block-cover__image-background wp-image-122\" alt=\"To know more\" src=\"http:\/\/the-running-ginger.blog\/wp-content\/uploads\/2023\/06\/Llibres1-scaled.jpg\" data-object-fit=\"cover\" srcset=\"https:\/\/the-running-ginger.blog\/wp-content\/uploads\/2023\/06\/Llibres1-scaled.jpg 2560w, https:\/\/the-running-ginger.blog\/wp-content\/uploads\/2023\/06\/Llibres1-300x225.jpg 300w, https:\/\/the-running-ginger.blog\/wp-content\/uploads\/2023\/06\/Llibres1-1024x768.jpg 1024w, https:\/\/the-running-ginger.blog\/wp-content\/uploads\/2023\/06\/Llibres1-768x576.jpg 768w, https:\/\/the-running-ginger.blog\/wp-content\/uploads\/2023\/06\/Llibres1-1536x1152.jpg 1536w, https:\/\/the-running-ginger.blog\/wp-content\/uploads\/2023\/06\/Llibres1-2048x1536.jpg 2048w\" sizes=\"auto, (max-width: 2560px) 100vw, 2560px\" \/><div class=\"wp-block-cover__inner-container is-layout-constrained wp-block-cover-is-layout-constrained\">\n<p class=\"has-text-align-center has-x-large-font-size\"><strong><mark style=\"background-color:rgba(0, 0, 0, 0)\" class=\"has-inline-color has-white-color\">Para saber mas\u2026<\/mark><\/strong><\/p>\n<\/div><\/div>\n\n\n\n<figure class=\"wp-block-table\"><table><tbody><tr><td>\ud83d\udcd6 <strong>&quot;Atrapa al conejo&quot;<\/strong>, por Lana Basta\u0161i\u0107<br>\ud83d\udcd6 <strong>\u201cEl puente sobre el Drina<\/strong>&quot; por <a href=\"https:\/\/es.wikipedia.org\/wiki\/Ivo_Andri%C4%87\">Ivo Andric<\/a>.&nbsp;<br>\ud83c\udfac <strong>\u201cMontevideo, bog te video\u201d<\/strong>, dirigida por Dragan Blelogrlic, 2010<\/td><\/tr><\/tbody><\/table><\/figure>","protected":false},"excerpt":{"rendered":"<p>Una orquesta tocaba m\u00fasica cl\u00e1sica en el imponente puente Ada mientras ondeaban banderas serbias. Recorrimos corriendo el centro hist\u00f3rico, que a\u00fan conserva ruinas de los bombardeos de la OTAN durante los a\u00f1os 90, y la ciudad nueva, con su arquitectura sovi\u00e9tica. Belgrado es una capital que se enorgullece de su pasado pero dise\u00f1a su modernidad, a su manera.<\/p>","protected":false},"author":2,"featured_media":7036,"comment_status":"open","ping_status":"open","sticky":false,"template":"","format":"standard","meta":{"inline_featured_image":false,"footnotes":""},"categories":[6,47,44,27],"tags":[30,48,9],"class_list":["post-718","post","type-post","status-publish","format-standard","has-post-thumbnail","hentry","category-europe","category-half-marathon","category-sightseeing","category-urban","tag-city-running","tag-half-marathon","tag-running"],"yoast_head":"<!-- This site is optimized with the Yoast SEO plugin v27.4 - https:\/\/yoast.com\/product\/yoast-seo-wordpress\/ -->\n<title>Running across \u201ca bridge over the Sava river\u201d in Belgrade<\/title>\n<meta name=\"description\" content=\"We ran through the historic center and its ruins of the NATO bombings, and the new town, with its soviet archicture.\" \/>\n<meta name=\"robots\" content=\"index, follow, max-snippet:-1, max-image-preview:large, max-video-preview:-1\" \/>\n<link rel=\"canonical\" href=\"https:\/\/the-running-ginger.blog\/es\/belgrade\/\" \/>\n<meta property=\"og:locale\" content=\"es_ES\" \/>\n<meta property=\"og:type\" content=\"article\" \/>\n<meta property=\"og:title\" content=\"Running across \u201ca bridge over the Sava river\u201d in Belgrade\" \/>\n<meta property=\"og:description\" content=\"We ran through the historic center and its ruins of the NATO bombings, and the new town, with its soviet archicture.\" \/>\n<meta property=\"og:url\" content=\"https:\/\/the-running-ginger.blog\/es\/belgrade\/\" \/>\n<meta property=\"og:site_name\" content=\"The Running Ginger\" \/>\n<meta property=\"article:published_time\" content=\"2023-08-06T10:53:29+00:00\" \/>\n<meta property=\"article:modified_time\" content=\"2025-01-17T14:10:06+00:00\" \/>\n<meta property=\"og:image\" content=\"http:\/\/the-running-ginger.blog\/wp-content\/uploads\/2023\/08\/BannerSerbia.jpg\" \/>\n\t<meta property=\"og:image:width\" content=\"1099\" \/>\n\t<meta property=\"og:image:height\" content=\"600\" \/>\n\t<meta property=\"og:image:type\" content=\"image\/jpeg\" \/>\n<meta name=\"author\" content=\"the-running-ginger\" \/>\n<meta name=\"twitter:card\" content=\"summary_large_image\" \/>\n<meta name=\"twitter:label1\" content=\"Escrito por\" \/>\n\t<meta name=\"twitter:data1\" content=\"the-running-ginger\" \/>\n\t<meta name=\"twitter:label2\" content=\"Tiempo de lectura\" \/>\n\t<meta name=\"twitter:data2\" content=\"36 minutos\" \/>\n<script type=\"application\/ld+json\" class=\"yoast-schema-graph\">{\"@context\":\"https:\\\/\\\/schema.org\",\"@graph\":[{\"@type\":\"Article\",\"@id\":\"https:\\\/\\\/the-running-ginger.blog\\\/belgrade\\\/#article\",\"isPartOf\":{\"@id\":\"https:\\\/\\\/the-running-ginger.blog\\\/belgrade\\\/\"},\"author\":{\"name\":\"the-running-ginger\",\"@id\":\"https:\\\/\\\/the-running-ginger.blog\\\/#\\\/schema\\\/person\\\/d92df80c6400f4b8ab299cadb840438a\"},\"headline\":\"Running across \u201ca bridge over the Sava river\u201d in Belgrade\",\"datePublished\":\"2023-08-06T10:53:29+00:00\",\"dateModified\":\"2025-01-17T14:10:06+00:00\",\"mainEntityOfPage\":{\"@id\":\"https:\\\/\\\/the-running-ginger.blog\\\/belgrade\\\/\"},\"wordCount\":1520,\"commentCount\":0,\"publisher\":{\"@id\":\"https:\\\/\\\/the-running-ginger.blog\\\/#\\\/schema\\\/person\\\/d92df80c6400f4b8ab299cadb840438a\"},\"image\":{\"@id\":\"https:\\\/\\\/the-running-ginger.blog\\\/belgrade\\\/#primaryimage\"},\"thumbnailUrl\":\"https:\\\/\\\/the-running-ginger.blog\\\/wp-content\\\/uploads\\\/2023\\\/08\\\/BannerSerbia.jpg\",\"keywords\":[\"city running\",\"half marathon\",\"running\"],\"articleSection\":[\"Europe\",\"Half Marathon\",\"Sightseeing\",\"Urban\"],\"inLanguage\":\"es\",\"potentialAction\":[{\"@type\":\"CommentAction\",\"name\":\"Comment\",\"target\":[\"https:\\\/\\\/the-running-ginger.blog\\\/belgrade\\\/#respond\"]}]},{\"@type\":\"WebPage\",\"@id\":\"https:\\\/\\\/the-running-ginger.blog\\\/belgrade\\\/\",\"url\":\"https:\\\/\\\/the-running-ginger.blog\\\/belgrade\\\/\",\"name\":\"Running across \u201ca bridge over the Sava river\u201d in Belgrade\",\"isPartOf\":{\"@id\":\"https:\\\/\\\/the-running-ginger.blog\\\/#website\"},\"primaryImageOfPage\":{\"@id\":\"https:\\\/\\\/the-running-ginger.blog\\\/belgrade\\\/#primaryimage\"},\"image\":{\"@id\":\"https:\\\/\\\/the-running-ginger.blog\\\/belgrade\\\/#primaryimage\"},\"thumbnailUrl\":\"https:\\\/\\\/the-running-ginger.blog\\\/wp-content\\\/uploads\\\/2023\\\/08\\\/BannerSerbia.jpg\",\"datePublished\":\"2023-08-06T10:53:29+00:00\",\"dateModified\":\"2025-01-17T14:10:06+00:00\",\"description\":\"We ran through the historic center and its ruins of the NATO bombings, and the new town, with its soviet archicture.\",\"breadcrumb\":{\"@id\":\"https:\\\/\\\/the-running-ginger.blog\\\/belgrade\\\/#breadcrumb\"},\"inLanguage\":\"es\",\"potentialAction\":[{\"@type\":\"ReadAction\",\"target\":[\"https:\\\/\\\/the-running-ginger.blog\\\/belgrade\\\/\"]}]},{\"@type\":\"ImageObject\",\"inLanguage\":\"es\",\"@id\":\"https:\\\/\\\/the-running-ginger.blog\\\/belgrade\\\/#primaryimage\",\"url\":\"https:\\\/\\\/the-running-ginger.blog\\\/wp-content\\\/uploads\\\/2023\\\/08\\\/BannerSerbia.jpg\",\"contentUrl\":\"https:\\\/\\\/the-running-ginger.blog\\\/wp-content\\\/uploads\\\/2023\\\/08\\\/BannerSerbia.jpg\",\"width\":1099,\"height\":600,\"caption\":\"Running in Belgrade\"},{\"@type\":\"BreadcrumbList\",\"@id\":\"https:\\\/\\\/the-running-ginger.blog\\\/belgrade\\\/#breadcrumb\",\"itemListElement\":[{\"@type\":\"ListItem\",\"position\":1,\"name\":\"Home\",\"item\":\"https:\\\/\\\/the-running-ginger.blog\\\/\"},{\"@type\":\"ListItem\",\"position\":2,\"name\":\"Running across \u201ca bridge over the Sava river\u201d in Belgrade\"}]},{\"@type\":\"WebSite\",\"@id\":\"https:\\\/\\\/the-running-ginger.blog\\\/#website\",\"url\":\"https:\\\/\\\/the-running-ginger.blog\\\/\",\"name\":\"The Running Ginger\",\"description\":\"\",\"publisher\":{\"@id\":\"https:\\\/\\\/the-running-ginger.blog\\\/#\\\/schema\\\/person\\\/d92df80c6400f4b8ab299cadb840438a\"},\"alternateName\":\"The Running Ginger\",\"potentialAction\":[{\"@type\":\"SearchAction\",\"target\":{\"@type\":\"EntryPoint\",\"urlTemplate\":\"https:\\\/\\\/the-running-ginger.blog\\\/?s={search_term_string}\"},\"query-input\":{\"@type\":\"PropertyValueSpecification\",\"valueRequired\":true,\"valueName\":\"search_term_string\"}}],\"inLanguage\":\"es\"},{\"@type\":[\"Person\",\"Organization\"],\"@id\":\"https:\\\/\\\/the-running-ginger.blog\\\/#\\\/schema\\\/person\\\/d92df80c6400f4b8ab299cadb840438a\",\"name\":\"the-running-ginger\",\"image\":{\"@type\":\"ImageObject\",\"inLanguage\":\"es\",\"@id\":\"https:\\\/\\\/the-running-ginger.blog\\\/wp-content\\\/uploads\\\/2023\\\/08\\\/MartaTimor.jpg\",\"url\":\"https:\\\/\\\/the-running-ginger.blog\\\/wp-content\\\/uploads\\\/2023\\\/08\\\/MartaTimor.jpg\",\"contentUrl\":\"https:\\\/\\\/the-running-ginger.blog\\\/wp-content\\\/uploads\\\/2023\\\/08\\\/MartaTimor.jpg\",\"width\":1920,\"height\":1080,\"caption\":\"the-running-ginger\"},\"logo\":{\"@id\":\"https:\\\/\\\/the-running-ginger.blog\\\/wp-content\\\/uploads\\\/2023\\\/08\\\/MartaTimor.jpg\"},\"url\":\"https:\\\/\\\/the-running-ginger.blog\\\/es\\\/author\\\/the-running-ginger\\\/\"}]}<\/script>\n<!-- \/ Yoast SEO plugin. -->","yoast_head_json":{"title":"Cruzando \u201cun puente sobre el r\u00edo Sava\u201d en Belgrado","description":"We ran through the historic center and its ruins of the NATO bombings, and the new town, with its soviet archicture.","robots":{"index":"index","follow":"follow","max-snippet":"max-snippet:-1","max-image-preview":"max-image-preview:large","max-video-preview":"max-video-preview:-1"},"canonical":"https:\/\/the-running-ginger.blog\/es\/belgrade\/","og_locale":"es_ES","og_type":"article","og_title":"Running across \u201ca bridge over the Sava river\u201d in Belgrade","og_description":"We ran through the historic center and its ruins of the NATO bombings, and the new town, with its soviet archicture.","og_url":"https:\/\/the-running-ginger.blog\/es\/belgrade\/","og_site_name":"The Running Ginger","article_published_time":"2023-08-06T10:53:29+00:00","article_modified_time":"2025-01-17T14:10:06+00:00","og_image":[{"width":1099,"height":600,"url":"http:\/\/the-running-ginger.blog\/wp-content\/uploads\/2023\/08\/BannerSerbia.jpg","type":"image\/jpeg"}],"author":"the-running-ginger","twitter_card":"summary_large_image","twitter_misc":{"Escrito por":"the-running-ginger","Tiempo de lectura":"36 minutos"},"schema":{"@context":"https:\/\/schema.org","@graph":[{"@type":"Article","@id":"https:\/\/the-running-ginger.blog\/belgrade\/#article","isPartOf":{"@id":"https:\/\/the-running-ginger.blog\/belgrade\/"},"author":{"name":"the-running-ginger","@id":"https:\/\/the-running-ginger.blog\/#\/schema\/person\/d92df80c6400f4b8ab299cadb840438a"},"headline":"Running across \u201ca bridge over the Sava river\u201d in Belgrade","datePublished":"2023-08-06T10:53:29+00:00","dateModified":"2025-01-17T14:10:06+00:00","mainEntityOfPage":{"@id":"https:\/\/the-running-ginger.blog\/belgrade\/"},"wordCount":1520,"commentCount":0,"publisher":{"@id":"https:\/\/the-running-ginger.blog\/#\/schema\/person\/d92df80c6400f4b8ab299cadb840438a"},"image":{"@id":"https:\/\/the-running-ginger.blog\/belgrade\/#primaryimage"},"thumbnailUrl":"https:\/\/the-running-ginger.blog\/wp-content\/uploads\/2023\/08\/BannerSerbia.jpg","keywords":["city running","half marathon","running"],"articleSection":["Europe","Half Marathon","Sightseeing","Urban"],"inLanguage":"es","potentialAction":[{"@type":"CommentAction","name":"Comment","target":["https:\/\/the-running-ginger.blog\/belgrade\/#respond"]}]},{"@type":"WebPage","@id":"https:\/\/the-running-ginger.blog\/belgrade\/","url":"https:\/\/the-running-ginger.blog\/belgrade\/","name":"Cruzando \u201cun puente sobre el r\u00edo Sava\u201d en Belgrado","isPartOf":{"@id":"https:\/\/the-running-ginger.blog\/#website"},"primaryImageOfPage":{"@id":"https:\/\/the-running-ginger.blog\/belgrade\/#primaryimage"},"image":{"@id":"https:\/\/the-running-ginger.blog\/belgrade\/#primaryimage"},"thumbnailUrl":"https:\/\/the-running-ginger.blog\/wp-content\/uploads\/2023\/08\/BannerSerbia.jpg","datePublished":"2023-08-06T10:53:29+00:00","dateModified":"2025-01-17T14:10:06+00:00","description":"We ran through the historic center and its ruins of the NATO bombings, and the new town, with its soviet archicture.","breadcrumb":{"@id":"https:\/\/the-running-ginger.blog\/belgrade\/#breadcrumb"},"inLanguage":"es","potentialAction":[{"@type":"ReadAction","target":["https:\/\/the-running-ginger.blog\/belgrade\/"]}]},{"@type":"ImageObject","inLanguage":"es","@id":"https:\/\/the-running-ginger.blog\/belgrade\/#primaryimage","url":"https:\/\/the-running-ginger.blog\/wp-content\/uploads\/2023\/08\/BannerSerbia.jpg","contentUrl":"https:\/\/the-running-ginger.blog\/wp-content\/uploads\/2023\/08\/BannerSerbia.jpg","width":1099,"height":600,"caption":"Running in Belgrade"},{"@type":"BreadcrumbList","@id":"https:\/\/the-running-ginger.blog\/belgrade\/#breadcrumb","itemListElement":[{"@type":"ListItem","position":1,"name":"Home","item":"https:\/\/the-running-ginger.blog\/"},{"@type":"ListItem","position":2,"name":"Running across \u201ca bridge over the Sava river\u201d in Belgrade"}]},{"@type":"WebSite","@id":"https:\/\/the-running-ginger.blog\/#website","url":"https:\/\/the-running-ginger.blog\/","name":"The Running Ginger","description":"","publisher":{"@id":"https:\/\/the-running-ginger.blog\/#\/schema\/person\/d92df80c6400f4b8ab299cadb840438a"},"alternateName":"The Running Ginger","potentialAction":[{"@type":"SearchAction","target":{"@type":"EntryPoint","urlTemplate":"https:\/\/the-running-ginger.blog\/?s={search_term_string}"},"query-input":{"@type":"PropertyValueSpecification","valueRequired":true,"valueName":"search_term_string"}}],"inLanguage":"es"},{"@type":["Person","Organization"],"@id":"https:\/\/the-running-ginger.blog\/#\/schema\/person\/d92df80c6400f4b8ab299cadb840438a","name":"the-running-ginger","image":{"@type":"ImageObject","inLanguage":"es","@id":"https:\/\/the-running-ginger.blog\/wp-content\/uploads\/2023\/08\/MartaTimor.jpg","url":"https:\/\/the-running-ginger.blog\/wp-content\/uploads\/2023\/08\/MartaTimor.jpg","contentUrl":"https:\/\/the-running-ginger.blog\/wp-content\/uploads\/2023\/08\/MartaTimor.jpg","width":1920,"height":1080,"caption":"the-running-ginger"},"logo":{"@id":"https:\/\/the-running-ginger.blog\/wp-content\/uploads\/2023\/08\/MartaTimor.jpg"},"url":"https:\/\/the-running-ginger.blog\/es\/author\/the-running-ginger\/"}]}},"_links":{"self":[{"href":"https:\/\/the-running-ginger.blog\/es\/wp-json\/wp\/v2\/posts\/718","targetHints":{"allow":["GET"]}}],"collection":[{"href":"https:\/\/the-running-ginger.blog\/es\/wp-json\/wp\/v2\/posts"}],"about":[{"href":"https:\/\/the-running-ginger.blog\/es\/wp-json\/wp\/v2\/types\/post"}],"author":[{"embeddable":true,"href":"https:\/\/the-running-ginger.blog\/es\/wp-json\/wp\/v2\/users\/2"}],"replies":[{"embeddable":true,"href":"https:\/\/the-running-ginger.blog\/es\/wp-json\/wp\/v2\/comments?post=718"}],"version-history":[{"count":29,"href":"https:\/\/the-running-ginger.blog\/es\/wp-json\/wp\/v2\/posts\/718\/revisions"}],"predecessor-version":[{"id":5848,"href":"https:\/\/the-running-ginger.blog\/es\/wp-json\/wp\/v2\/posts\/718\/revisions\/5848"}],"wp:featuredmedia":[{"embeddable":true,"href":"https:\/\/the-running-ginger.blog\/es\/wp-json\/wp\/v2\/media\/7036"}],"wp:attachment":[{"href":"https:\/\/the-running-ginger.blog\/es\/wp-json\/wp\/v2\/media?parent=718"}],"wp:term":[{"taxonomy":"category","embeddable":true,"href":"https:\/\/the-running-ginger.blog\/es\/wp-json\/wp\/v2\/categories?post=718"},{"taxonomy":"post_tag","embeddable":true,"href":"https:\/\/the-running-ginger.blog\/es\/wp-json\/wp\/v2\/tags?post=718"}],"curies":[{"name":"wp","href":"https:\/\/api.w.org\/{rel}","templated":true}]}}